{"id":6015,"date":"2020-06-19T20:22:38","date_gmt":"2020-06-19T23:22:38","guid":{"rendered":"http:\/\/www.colegiohsa.cl\/?p=6015"},"modified":"2020-06-19T20:41:36","modified_gmt":"2020-06-19T23:41:36","slug":"saludo-dia-del-padre","status":"publish","type":"post","link":"https:\/\/www.colegiohsa.cl\/?p=6015","title":{"rendered":"Saludo d\u00eda del Padre"},"content":{"rendered":"<p>Estimados Padres y Apoderados<\/p>\n<p>Como familia del Colegio Polit\u00e9cnico Santa Ana, queremos des\u00e9ales nuestros m\u00e1s cordiales saludo en el D\u00eda del Padre.<\/p>\n<p>\u201c<strong><em>Que Santa Ana, Nuestra Madre, los bendiga en este d\u00eda tan especial.\u201d<\/em><\/strong><\/p>\n<p><a href=\"http:\/\/www.colegiohsa.cl\/wp-content\/uploads\/Pergamino-dia-del-padre.png\" rel=\"lightbox[6015]\"><img data-attachment-id=\"6016\" data-permalink=\"https:\/\/www.colegiohsa.cl\/?attachment_id=6016\" data-orig-file=\"https:\/\/www.colegiohsa.cl\/wp-content\/uploads\/Pergamino-dia-del-padre.png\" data-orig-size=\"396,511\" data-comments-opened=\"0\" data-image-meta=\"{&quot;aperture&quot;:&quot;0&quot;,&quot;credit&quot;:&quot;&quot;,&quot;camera&quot;:&quot;&quot;,&quot;caption&quot;:&quot;&quot;,&quot;created_timestamp&quot;:&quot;0&quot;,&quot;copyright&quot;:&quot;&quot;,&quot;focal_length&quot;:&quot;0&quot;,&quot;iso&quot;:&quot;0&quot;,&quot;shutter_speed&quot;:&quot;0&quot;,&quot;title&quot;:&quot;&quot;,&quot;orientation&quot;:&quot;0&quot;}\" data-image-title=\"Pergamino dia del padre\" data-image-description=\"\" data-image-caption=\"\" data-medium-file=\"https:\/\/www.colegiohsa.cl\/wp-content\/uploads\/Pergamino-dia-del-padre-232x300.png\" data-large-file=\"https:\/\/www.colegiohsa.cl\/wp-content\/uploads\/Pergamino-dia-del-padre.png\" loading=\"lazy\" class=\"aligncenter wp-image-6016\" src=\"http:\/\/www.colegiohsa.cl\/wp-content\/uploads\/Pergamino-dia-del-padre.png\" alt=\"Pergamino dia del padre\" width=\"500\" height=\"645\" srcset=\"https:\/\/www.colegiohsa.cl\/wp-content\/uploads\/Pergamino-dia-del-padre.png 396w, https:\/\/www.colegiohsa.cl\/wp-content\/uploads\/Pergamino-dia-del-padre-232x300.png 232w\" sizes=\"(max-width: 500px) 100vw, 500px\" \/><\/a><\/p>\n","protected":false},"excerpt":{"rendered":"<p>Estimados Padres y Apoderados Como familia del Colegio Polit\u00e9cnico Santa Ana, queremos des\u00e9ales nuestros m\u00e1s cordiales saludo en el D\u00eda del Padre. \u201cQue Santa Ana, Nuestra Madre, los bendiga en este d\u00eda tan especial.\u201d<\/p>\n","protected":false},"author":7,"featured_media":6017,"comment_status":"closed","ping_status":"open","sticky":false,"template":"","format":"standard","meta":{"spay_email":""},"categories":[1],"tags":[],"jetpack_featured_media_url":"https:\/\/www.colegiohsa.cl\/wp-content\/uploads\/portada-dia-del-padre.png","_links":{"self":[{"href":"https:\/\/www.colegiohsa.cl\/index.php?rest_route=\/wp\/v2\/posts\/6015"}],"collection":[{"href":"https:\/\/www.colegiohsa.cl\/index.php?rest_route=\/wp\/v2\/posts"}],"about":[{"href":"https:\/\/www.colegiohsa.cl\/index.php?rest_route=\/wp\/v2\/types\/post"}],"author":[{"embeddable":true,"href":"https:\/\/www.colegiohsa.cl\/index.php?rest_route=\/wp\/v2\/users\/7"}],"replies":[{"embeddable":true,"href":"https:\/\/www.colegiohsa.cl\/index.php?rest_route=%2Fwp%2Fv2%2Fcomments&post=6015"}],"version-history":[{"count":6,"href":"https:\/\/www.colegiohsa.cl\/index.php?rest_route=\/wp\/v2\/posts\/6015\/revisions"}],"predecessor-version":[{"id":6023,"href":"https:\/\/www.colegiohsa.cl\/index.php?rest_route=\/wp\/v2\/posts\/6015\/revisions\/6023"}],"wp:featuredmedia":[{"embeddable":true,"href":"https:\/\/www.colegiohsa.cl\/index.php?rest_route=\/wp\/v2\/media\/6017"}],"wp:attachment":[{"href":"https:\/\/www.colegiohsa.cl\/index.php?rest_route=%2Fwp%2Fv2%2Fmedia&parent=6015"}],"wp:term":[{"taxonomy":"category","embeddable":true,"href":"https:\/\/www.colegiohsa.cl\/index.php?rest_route=%2Fwp%2Fv2%2Fcategories&post=6015"},{"taxonomy":"post_tag","embeddable":true,"href":"https:\/\/www.colegiohsa.cl\/index.php?rest_route=%2Fwp%2Fv2%2Ftags&post=6015"}],"curies":[{"name":"wp","href":"https:\/\/api.w.org\/{rel}","templated":true}]}}