{"id":5980,"date":"2020-06-12T16:11:17","date_gmt":"2020-06-12T19:11:17","guid":{"rendered":"http:\/\/www.colegiohsa.cl\/?p=5980"},"modified":"2020-06-12T16:26:42","modified_gmt":"2020-06-12T19:26:42","slug":"reunion-de-padres-y-apoderados","status":"publish","type":"post","link":"https:\/\/www.colegiohsa.cl\/?p=5980","title":{"rendered":"Reuni\u00f3n de Padres y Apoderados"},"content":{"rendered":"<p>Estimados Padres y Apoderados:<\/p>\n<p>Esperando se encuentren bien junto a los suyos, informamos las fechas de las Reuniones de Curso que se llevar\u00e1n a cabo v\u00eda Online. Recordamos que ser\u00e1n los Profesores Jefes quienes les har\u00e1n llegar a sus correos electr\u00f3nicos la Invitaci\u00f3n a trav\u00e9s de Meet.<\/p>\n<p style=\"text-align: center;\"><strong>N\u00d3MINA DE REUNIONES DE PADRES Y APODERADOS<\/strong><\/p>\n<p style=\"text-align: center;\"><strong>COLEGIO POLIT\u00c9CNICO \u201cSANTA ANA\u201d 2020<\/strong><\/p>\n<p style=\"text-align: center;\">\n<p style=\"text-align: center;\">\n<p><strong>Nota: Las reuniones se realizar\u00e1n desde las 17:00 a las 18:00 horas.<\/strong><\/p>\n<table width=\"619\">\n<tbody>\n<tr>\n<td width=\"79\"><strong>CURSO<\/strong><\/td>\n<td width=\"252\"><strong>NOMBRE PROFESOR (A) JEFE<\/strong><\/td>\n<td width=\"288\"><strong>FECHA REUNI\u00d3N<\/strong><\/p>\n<p>&nbsp;<\/td>\n<\/tr>\n<tr>\n<td width=\"79\">Kinder A<\/td>\n<td width=\"252\">Sra. Janet Pizarro<\/td>\n<td width=\"288\">Lunes 15 de junio<\/td>\n<\/tr>\n<tr>\n<td width=\"79\">Kinder B<\/td>\n<td width=\"252\">Sra. Nancy Castro<\/td>\n<td width=\"288\">Martes 16 de junio<\/td>\n<\/tr>\n<tr>\n<td width=\"79\">1\u00ba A\u00a0 <strong>E\/B<\/strong><\/td>\n<td width=\"252\">Srta. M\u00aa Alejandra Mu\u00f1oz<\/td>\n<td width=\"288\">Mi\u00e9rcoles 17 de junio<\/td>\n<\/tr>\n<tr>\n<td width=\"79\">1\u00ba B<\/td>\n<td width=\"252\">Srta. Ana Catal\u00e1n<\/td>\n<td width=\"288\">Jueves 18 de junio<\/td>\n<\/tr>\n<tr>\n<td width=\"79\">2\u00ba A<\/td>\n<td width=\"252\">Sra. Sylvia Silva<\/td>\n<td width=\"288\">Viernes 19 de junio<\/td>\n<\/tr>\n<tr>\n<td width=\"79\">2\u00ba B<\/td>\n<td width=\"252\">Srta. Luz Guzm\u00e1n<\/td>\n<td width=\"288\">Lunes 22 de junio<\/td>\n<\/tr>\n<tr>\n<td width=\"79\">3\u00ba A<\/td>\n<td width=\"252\">Sra. Maritza Joo<\/td>\n<td width=\"288\">Martes 23 de junio<\/td>\n<\/tr>\n<tr>\n<td width=\"79\">3\u00ba B<\/td>\n<td width=\"252\">Srta. Stefan\u00eda Hermosilla<\/td>\n<td width=\"288\">Mi\u00e9rcoles 24 de junio<\/td>\n<\/tr>\n<tr>\n<td width=\"79\">4\u00ba A<\/td>\n<td width=\"252\">Sra. Catherine Bustamante<\/td>\n<td width=\"288\">Jueves 25 de junio<\/td>\n<\/tr>\n<tr>\n<td width=\"79\">4\u00ba B<\/td>\n<td width=\"252\">Sra. Violeta Gaete<\/td>\n<td width=\"288\">Viernes 26 de junio<\/td>\n<\/tr>\n<tr>\n<td width=\"79\">5\u00ba A<\/td>\n<td width=\"252\">Srta. Carmen Godoy<\/td>\n<td width=\"288\">Mi\u00e9rcoles 22 de Julio<\/td>\n<\/tr>\n<tr>\n<td width=\"79\">5\u00ba B<\/td>\n<td width=\"252\">Srta. Roc\u00edo Varas<\/td>\n<td width=\"288\">Martes 30 de junio<\/td>\n<\/tr>\n<tr>\n<td width=\"79\">6\u00ba A<\/td>\n<td width=\"252\">Sra. Patricia Campos<\/td>\n<td width=\"288\">Mi\u00e9rcoles 1 de julio<\/td>\n<\/tr>\n<tr>\n<td width=\"79\">6\u00ba B<\/td>\n<td width=\"252\">Srta. Valentina Elgueta<\/td>\n<td width=\"288\">Jueves 2 de julio<\/td>\n<\/tr>\n<tr>\n<td width=\"79\">7\u00ba A<\/td>\n<td width=\"252\">Sra. Nancy Mansilla<\/td>\n<td width=\"288\">Viernes 3 de julio<\/td>\n<\/tr>\n<tr>\n<td width=\"79\">7\u00ba B<\/td>\n<td width=\"252\">Sra. M\u00aa In\u00e9s Pav\u00e9z<\/td>\n<td width=\"288\">Lunes 6 de julio<\/td>\n<\/tr>\n<tr>\n<td width=\"79\">8\u00ba A<\/td>\n<td width=\"252\">Srta. Yasna Ulloa<\/td>\n<td width=\"288\">Martes 7 de julio<\/td>\n<\/tr>\n<tr>\n<td width=\"79\">8\u00ba B<\/td>\n<td width=\"252\">Sra. Luz Jaime<\/td>\n<td width=\"288\">Mi\u00e9rcoles 8 de julio<\/td>\n<\/tr>\n<tr>\n<td width=\"79\">1\u00ba A <strong>E\/M<\/strong><\/td>\n<td width=\"252\">Srta. Leslie Valenzuela<\/td>\n<td width=\"288\">Jueves 9 de julio<\/td>\n<\/tr>\n<tr>\n<td width=\"79\">1\u00ba B<\/td>\n<td width=\"252\">Srta. B\u00e1rbara Matus<\/td>\n<td width=\"288\">Viernes 10 de julio<\/td>\n<\/tr>\n<tr>\n<td width=\"79\">2\u00ba A<\/td>\n<td width=\"252\">Srta. Valeria Castro<\/td>\n<td width=\"288\">Lunes 13 de julio<\/td>\n<\/tr>\n<tr>\n<td width=\"79\">2\u00ba B<\/td>\n<td width=\"252\">Srta. Daniela Acevedo<\/td>\n<td width=\"288\">Martes 14 de julio<\/td>\n<\/tr>\n<tr>\n<td width=\"79\">3\u00ba A<\/td>\n<td width=\"252\">Sr. Cristian C\u00e1ceres<\/td>\n<td width=\"288\">Mi\u00e9rcoles 15 de julio<\/td>\n<\/tr>\n<tr>\n<td width=\"79\">3\u00ba B<\/td>\n<td width=\"252\">Srta. Camila Cabrera<\/td>\n<td width=\"288\">Viernes 17 de julio<\/td>\n<\/tr>\n<tr>\n<td width=\"79\">4\u00ba A<\/td>\n<td width=\"252\">Sra. J\u00e9ssica Pe\u00f1a<\/td>\n<td width=\"288\">Lunes 20 de julio<\/td>\n<\/tr>\n<tr>\n<td width=\"79\">4\u00ba B<\/td>\n<td width=\"252\">Srta. Anita Orellana<\/td>\n<td width=\"288\">Martes 21 de julio<\/td>\n<\/tr>\n<\/tbody>\n<\/table>\n<p>&nbsp;<\/p>\n<p>&nbsp;<\/p>\n<p>Saluda Atentamente.<\/p>\n<p>Direcci\u00f3n y Centro General de Padres y Apoderados.<\/p>\n","protected":false},"excerpt":{"rendered":"<p>Estimados Padres y Apoderados: Esperando se encuentren bien junto a los suyos, informamos las fechas de las Reuniones de Curso que se llevar\u00e1n a cabo v\u00eda Online. Recordamos que ser\u00e1n los Profesores Jefes quienes les har\u00e1n llegar a sus correos electr\u00f3nicos la Invitaci\u00f3n a trav\u00e9s de Meet. N\u00d3MINA DE REUNIONES DE PADRES Y APODERADOS COLEGIO <a class=\"read-more\" href=\"https:\/\/www.colegiohsa.cl\/?p=5980\">Continuar Leyendo&#8230;<\/a><\/p>\n","protected":false},"author":7,"featured_media":5489,"comment_status":"closed","ping_status":"open","sticky":false,"template":"","format":"standard","meta":{"spay_email":""},"categories":[1],"tags":[],"jetpack_featured_media_url":"https:\/\/www.colegiohsa.cl\/wp-content\/uploads\/logo-colegio11-e1584574903330.png","_links":{"self":[{"href":"https:\/\/www.colegiohsa.cl\/index.php?rest_route=\/wp\/v2\/posts\/5980"}],"collection":[{"href":"https:\/\/www.colegiohsa.cl\/index.php?rest_route=\/wp\/v2\/posts"}],"about":[{"href":"https:\/\/www.colegiohsa.cl\/index.php?rest_route=\/wp\/v2\/types\/post"}],"author":[{"embeddable":true,"href":"https:\/\/www.colegiohsa.cl\/index.php?rest_route=\/wp\/v2\/users\/7"}],"replies":[{"embeddable":true,"href":"https:\/\/www.colegiohsa.cl\/index.php?rest_route=%2Fwp%2Fv2%2Fcomments&post=5980"}],"version-history":[{"count":4,"href":"https:\/\/www.colegiohsa.cl\/index.php?rest_route=\/wp\/v2\/posts\/5980\/revisions"}],"predecessor-version":[{"id":5984,"href":"https:\/\/www.colegiohsa.cl\/index.php?rest_route=\/wp\/v2\/posts\/5980\/revisions\/5984"}],"wp:featuredmedia":[{"embeddable":true,"href":"https:\/\/www.colegiohsa.cl\/index.php?rest_route=\/wp\/v2\/media\/5489"}],"wp:attachment":[{"href":"https:\/\/www.colegiohsa.cl\/index.php?rest_route=%2Fwp%2Fv2%2Fmedia&parent=5980"}],"wp:term":[{"taxonomy":"category","embeddable":true,"href":"https:\/\/www.colegiohsa.cl\/index.php?rest_route=%2Fwp%2Fv2%2Fcategories&post=5980"},{"taxonomy":"post_tag","embeddable":true,"href":"https:\/\/www.colegiohsa.cl\/index.php?rest_route=%2Fwp%2Fv2%2Ftags&post=5980"}],"curies":[{"name":"wp","href":"https:\/\/api.w.org\/{rel}","templated":true}]}}