{"id":5545,"date":"2020-04-23T13:43:28","date_gmt":"2020-04-23T16:43:28","guid":{"rendered":"http:\/\/www.colegiohsa.cl\/?p=5545"},"modified":"2020-04-23T15:39:36","modified_gmt":"2020-04-23T18:39:36","slug":"23-de-abril-dia-del-libro","status":"publish","type":"post","link":"https:\/\/www.colegiohsa.cl\/?p=5545","title":{"rendered":"23 de Abril, D\u00eda del Libro"},"content":{"rendered":"<p><strong>23 de abril \u00a0D\u00eda del libro<\/strong><\/p>\n<p>Estimada Comunidad Educativa:<\/p>\n<p>Este d\u00eda del libro nos encuentra a cada uno en nuestras casas. A\u00f1os anteriores, lo hemos celebrado con diversas actividades en que todos hemos participado y aprendido m\u00e1s sobre obras y autores nacionales y extranjeros. Sin embargo, hoy es diferente. Como comunidad educativa del Colegio Santa Ana estamos llamados a reflexionar ante lo que vivimos. La lectura siempre ha acompa\u00f1ado al ser humano, desde sus inicios con jerogl\u00edficos hasta la invenci\u00f3n de la escritura. Hoy no es la excepci\u00f3n. En todos los idiomas los cuentos, las novelas, los poemas, nos llevan a mundos maravillosos, por eso, queremos hacerles una invitaci\u00f3n:<\/p>\n<p>A las estudiantes de K\u00ednder a \u00a05\u00b0 b\u00e1sico a ver un cortometraje que invita a descubrir el valor de la lectura:<\/p>\n<p><strong><em>El mejor corto del mundo para fomentar la lectura<\/em><\/strong><\/p>\n<figure class=\"wp-block-embed wp-block-embed-youtube is-type-video is-provider-youtube epyt-figure\"><div class=\"wp-block-embed__wrapper\"><div class=\"epyt-video-wrapper\"><iframe  id=\"_ytid_17931\"  width=\"800\" height=\"450\"  data-origwidth=\"800\" data-origheight=\"450\"  data-relstop=\"1\" src=\"https:\/\/www.youtube.com\/embed\/G_Slr_-mO_w?enablejsapi=1&autoplay=0&cc_load_policy=0&cc_lang_pref=&iv_load_policy=1&loop=0&modestbranding=0&rel=0&fs=1&playsinline=0&autohide=2&theme=dark&color=red&controls=1&\" class=\"__youtube_prefs__  no-lazyload\" title=\"YouTube player\"  allow=\"accelerometer; autoplay; clipboard-write; encrypted-media; gyroscope; picture-in-picture\" allowfullscreen data-no-lazy=\"1\" data-skipgform_ajax_framebjll=\"\"><\/iframe><\/div><\/div><\/figure>\n<p>&nbsp;<\/p>\n<p>A las estudiantes de 6\u00b0 b\u00e1sico a 4\u00b0 medio, que escuchen y lean el poema del escritor y poeta uruguayo Mario Benedetti \u00a0<em>\u201cCuando la tormenta pase\u201d,<\/em> que es muy \u00a0actual para los d\u00edas que corren.<\/p>\n<p><strong>Poema \u201cCuando la tormenta pase\u201d<\/strong><\/p>\n<figure class=\"wp-block-embed wp-block-embed-youtube is-type-video is-provider-youtube epyt-figure\"><div class=\"wp-block-embed__wrapper\"><div class=\"epyt-video-wrapper\"><iframe  id=\"_ytid_57476\"  width=\"800\" height=\"450\"  data-origwidth=\"800\" data-origheight=\"450\"  data-relstop=\"1\" src=\"https:\/\/www.youtube.com\/embed\/apkH0AaQ3KU?enablejsapi=1&autoplay=0&cc_load_policy=0&cc_lang_pref=&iv_load_policy=1&loop=0&modestbranding=0&rel=0&fs=1&playsinline=0&autohide=2&theme=dark&color=red&controls=1&\" class=\"__youtube_prefs__  no-lazyload\" title=\"YouTube player\"  allow=\"accelerometer; autoplay; clipboard-write; encrypted-media; gyroscope; picture-in-picture\" allowfullscreen data-no-lazy=\"1\" data-skipgform_ajax_framebjll=\"\"><\/iframe><\/div><\/div><\/figure>\n<p>Recuerden que la lectura nos hace sumergirnos en otras realidades y mundos inimaginables. Entre ellos, el de nuestra interioridad m\u00e1s profunda.<\/p>\n<p>Saludos afectuosos<\/p>\n<p><strong><em>Departamento de Lengua Castellana y Comunicaci\u00f3n<\/em><\/strong><\/p>\n<p><strong><em>Colegio Polit\u00e9cnico Santa Ana<\/em><\/strong><\/p>\n","protected":false},"excerpt":{"rendered":"<p>23 de abril \u00a0D\u00eda del libro Estimada Comunidad Educativa: Este d\u00eda del libro nos encuentra a cada uno en nuestras casas. A\u00f1os anteriores, lo hemos celebrado con diversas actividades en que todos hemos participado y aprendido m\u00e1s sobre obras y autores nacionales y extranjeros. Sin embargo, hoy es diferente. Como comunidad educativa del Colegio Santa <a class=\"read-more\" href=\"https:\/\/www.colegiohsa.cl\/?p=5545\">Continuar Leyendo&#8230;<\/a><\/p>\n","protected":false},"author":5,"featured_media":5546,"comment_status":"closed","ping_status":"open","sticky":false,"template":"","format":"standard","meta":{"spay_email":""},"categories":[1],"tags":[],"jetpack_featured_media_url":"https:\/\/www.colegiohsa.cl\/wp-content\/uploads\/libro.png","_links":{"self":[{"href":"https:\/\/www.colegiohsa.cl\/index.php?rest_route=\/wp\/v2\/posts\/5545"}],"collection":[{"href":"https:\/\/www.colegiohsa.cl\/index.php?rest_route=\/wp\/v2\/posts"}],"about":[{"href":"https:\/\/www.colegiohsa.cl\/index.php?rest_route=\/wp\/v2\/types\/post"}],"author":[{"embeddable":true,"href":"https:\/\/www.colegiohsa.cl\/index.php?rest_route=\/wp\/v2\/users\/5"}],"replies":[{"embeddable":true,"href":"https:\/\/www.colegiohsa.cl\/index.php?rest_route=%2Fwp%2Fv2%2Fcomments&post=5545"}],"version-history":[{"count":2,"href":"https:\/\/www.colegiohsa.cl\/index.php?rest_route=\/wp\/v2\/posts\/5545\/revisions"}],"predecessor-version":[{"id":5553,"href":"https:\/\/www.colegiohsa.cl\/index.php?rest_route=\/wp\/v2\/posts\/5545\/revisions\/5553"}],"wp:featuredmedia":[{"embeddable":true,"href":"https:\/\/www.colegiohsa.cl\/index.php?rest_route=\/wp\/v2\/media\/5546"}],"wp:attachment":[{"href":"https:\/\/www.colegiohsa.cl\/index.php?rest_route=%2Fwp%2Fv2%2Fmedia&parent=5545"}],"wp:term":[{"taxonomy":"category","embeddable":true,"href":"https:\/\/www.colegiohsa.cl\/index.php?rest_route=%2Fwp%2Fv2%2Fcategories&post=5545"},{"taxonomy":"post_tag","embeddable":true,"href":"https:\/\/www.colegiohsa.cl\/index.php?rest_route=%2Fwp%2Fv2%2Ftags&post=5545"}],"curies":[{"name":"wp","href":"https:\/\/api.w.org\/{rel}","templated":true}]}}