{"id":5351,"date":"2019-11-07T19:24:05","date_gmt":"2019-11-07T23:24:05","guid":{"rendered":"http:\/\/www.colegiohsa.cl\/?p=5351"},"modified":"2019-11-07T19:25:12","modified_gmt":"2019-11-07T23:25:12","slug":"comunicado-de-direccion-y-directiva-del-centro-general-de-padres-y-apoderados","status":"publish","type":"post","link":"https:\/\/www.colegiohsa.cl\/?p=5351","title":{"rendered":"Comunicado de Direcci\u00f3n y  Directiva del Centro General de Padres y Apoderados"},"content":{"rendered":"<p>Queridos Padres y Apoderados:<\/p>\n<p>&nbsp;<\/p>\n<p>Nos dirigimos a ustedes para compartirles que, en el d\u00eda de hoy, la comunidad educativa ha vivido una jornada dif\u00edcil.<\/p>\n<p>Durante la ma\u00f1ana las ni\u00f1as de ense\u00f1anza media a trav\u00e9s del centro estudiantil, solicitaron a la direcci\u00f3n manifestar durante el primer recreo su adhesi\u00f3n a las demandas sociales. Es importante se\u00f1alar que esta actividad se hab\u00eda realizado la semana pasada en dos oportunidades, sin ning\u00fan problema, sin embargo, en esta ocasi\u00f3n una vez terminado el recreo, las alumnas hicieron presi\u00f3n y se negaron a volver a las salas de clases.<\/p>\n<p>En ese momento las estudiantes de ense\u00f1anza media solicitaron retirarse del establecimiento, y luego de una conversaci\u00f3n con la direcci\u00f3n, se accedi\u00f3 a que lo hicieran, con el fin de evitar un mal mayor que pusieran en riesgo su seguridad o bien, ocasionar alg\u00fan accidente, considerando que nuestra instituci\u00f3n alberga ni\u00f1as de K\u00ednder a 4to Medio.<\/p>\n<p>Como directiva del Centro General de Padres y Apoderados, nos hemos reunido con las Hermanas durante esta tarde, para conversar la situaci\u00f3n, creemos que lo que estamos viviendo como pa\u00eds, es una oportunidad para acercarnos a nuestras ni\u00f1as, dialogar con ellas y acompa\u00f1arlas a vivir este proceso de la mejor manera posible.<\/p>\n<p>Comunicamos que el d\u00eda de ma\u00f1ana viernes 8 de noviembre, las clases est\u00e1n suspendidas, debido a la realizaci\u00f3n de la Licenciatura, ceremonia que se adelant\u00f3 a las 16.00 horas, por lo cual, debemos de acondicionar el colegio desde la ma\u00f1ana.<\/p>\n<p>Acompa\u00f1emos con nuestra oraci\u00f3n, estos momentos dif\u00edciles que estamos viviendo como pa\u00eds, recordar que todos somos hermanos y estamos llamados a compartir en una misma mesa.<\/p>\n<p>&nbsp;<\/p>\n<p style=\"text-align: center;\">Agradeciendo su acogida y comprensi\u00f3n<\/p>\n<p style=\"text-align: center;\">Se despide atentamente<\/p>\n<p style=\"text-align: center;\">Direcci\u00f3n del Establecimiento y Directiva del Centro General de Padres y Apoderados.<\/p>\n","protected":false},"excerpt":{"rendered":"<p>Queridos Padres y Apoderados: &nbsp; Nos dirigimos a ustedes para compartirles que, en el d\u00eda de hoy, la comunidad educativa ha vivido una jornada dif\u00edcil. Durante la ma\u00f1ana las ni\u00f1as de ense\u00f1anza media a trav\u00e9s del centro estudiantil, solicitaron a la direcci\u00f3n manifestar durante el primer recreo su adhesi\u00f3n a las demandas sociales. Es importante <a class=\"read-more\" href=\"https:\/\/www.colegiohsa.cl\/?p=5351\">Continuar Leyendo&#8230;<\/a><\/p>\n","protected":false},"author":5,"featured_media":5270,"comment_status":"closed","ping_status":"open","sticky":false,"template":"","format":"standard","meta":{"spay_email":""},"categories":[1],"tags":[],"jetpack_featured_media_url":"https:\/\/www.colegiohsa.cl\/wp-content\/uploads\/IMG_20190924_094956.jpg","_links":{"self":[{"href":"https:\/\/www.colegiohsa.cl\/index.php?rest_route=\/wp\/v2\/posts\/5351"}],"collection":[{"href":"https:\/\/www.colegiohsa.cl\/index.php?rest_route=\/wp\/v2\/posts"}],"about":[{"href":"https:\/\/www.colegiohsa.cl\/index.php?rest_route=\/wp\/v2\/types\/post"}],"author":[{"embeddable":true,"href":"https:\/\/www.colegiohsa.cl\/index.php?rest_route=\/wp\/v2\/users\/5"}],"replies":[{"embeddable":true,"href":"https:\/\/www.colegiohsa.cl\/index.php?rest_route=%2Fwp%2Fv2%2Fcomments&post=5351"}],"version-history":[{"count":2,"href":"https:\/\/www.colegiohsa.cl\/index.php?rest_route=\/wp\/v2\/posts\/5351\/revisions"}],"predecessor-version":[{"id":5354,"href":"https:\/\/www.colegiohsa.cl\/index.php?rest_route=\/wp\/v2\/posts\/5351\/revisions\/5354"}],"wp:featuredmedia":[{"embeddable":true,"href":"https:\/\/www.colegiohsa.cl\/index.php?rest_route=\/wp\/v2\/media\/5270"}],"wp:attachment":[{"href":"https:\/\/www.colegiohsa.cl\/index.php?rest_route=%2Fwp%2Fv2%2Fmedia&parent=5351"}],"wp:term":[{"taxonomy":"category","embeddable":true,"href":"https:\/\/www.colegiohsa.cl\/index.php?rest_route=%2Fwp%2Fv2%2Fcategories&post=5351"},{"taxonomy":"post_tag","embeddable":true,"href":"https:\/\/www.colegiohsa.cl\/index.php?rest_route=%2Fwp%2Fv2%2Ftags&post=5351"}],"curies":[{"name":"wp","href":"https:\/\/api.w.org\/{rel}","templated":true}]}}