{"id":13331,"date":"2024-07-08T11:42:14","date_gmt":"2024-07-08T15:42:14","guid":{"rendered":"https:\/\/www.colegiohsa.cl\/?p=13331"},"modified":"2024-07-08T15:35:46","modified_gmt":"2024-07-08T19:35:46","slug":"reanudacion-de-talleres-academicos-y-talleres-sep","status":"publish","type":"post","link":"https:\/\/www.colegiohsa.cl\/?p=13331","title":{"rendered":"Reanudaci\u00f3n de Talleres Acad\u00e9micos y Talleres SEP"},"content":{"rendered":"\n<p>Estimados Padres y Apoderados,<\/p>\n\n\n\n<p>Se les informa que los <strong>Talleres Acad\u00e9micos <\/strong>para el segundo semestre, se retomar\u00e1n a partir del Lunes 22 de Julio seg\u00fan horario de cada taller,<strong>   <\/strong>y los <strong>Talleres SEP<\/strong> para el segundo semestre, se retomar\u00e1n a partir del <strong>Mi\u00e9rcoles 17 de Julio<\/strong>, seg\u00fan horario de cada taller.<\/p>\n\n\n\n<p><\/p>\n\n\n\n<p class=\"has-text-align-center has-black-color has-light-green-cyan-background-color has-text-color has-background has-medium-font-size\"><strong><em>TALLERES ACAD\u00c9MICOS<\/em><\/strong> <em>a partir del Lunes 22 de Julio<\/em><\/p>\n\n\n\n<div class=\"wp-block-image\"><figure class=\"aligncenter size-large\"><a href=\"https:\/\/www.colegiohsa.cl\/wp-content\/uploads\/Horario-Escolar-Documento-A4-Horizontal-Pegatinas-Colegio-Juvenil-Verde.png\" rel=\"lightbox[13331]\"><img data-attachment-id=\"13332\" data-permalink=\"https:\/\/www.colegiohsa.cl\/?attachment_id=13332\" data-orig-file=\"https:\/\/www.colegiohsa.cl\/wp-content\/uploads\/Horario-Escolar-Documento-A4-Horizontal-Pegatinas-Colegio-Juvenil-Verde.png\" data-orig-size=\"2000,1414\" data-comments-opened=\"0\" data-image-meta=\"{&quot;aperture&quot;:&quot;0&quot;,&quot;credit&quot;:&quot;&quot;,&quot;camera&quot;:&quot;&quot;,&quot;caption&quot;:&quot;&quot;,&quot;created_timestamp&quot;:&quot;0&quot;,&quot;copyright&quot;:&quot;&quot;,&quot;focal_length&quot;:&quot;0&quot;,&quot;iso&quot;:&quot;0&quot;,&quot;shutter_speed&quot;:&quot;0&quot;,&quot;title&quot;:&quot;&quot;,&quot;orientation&quot;:&quot;0&quot;}\" data-image-title=\"Horario-Escolar-Documento-A4-Horizontal-Pegatinas-Colegio-Juvenil-Verde\" data-image-description=\"\" data-image-caption=\"\" data-medium-file=\"https:\/\/www.colegiohsa.cl\/wp-content\/uploads\/Horario-Escolar-Documento-A4-Horizontal-Pegatinas-Colegio-Juvenil-Verde-300x212.png\" data-large-file=\"https:\/\/www.colegiohsa.cl\/wp-content\/uploads\/Horario-Escolar-Documento-A4-Horizontal-Pegatinas-Colegio-Juvenil-Verde-1024x724.png\" loading=\"lazy\" width=\"1024\" height=\"724\" src=\"https:\/\/www.colegiohsa.cl\/wp-content\/uploads\/Horario-Escolar-Documento-A4-Horizontal-Pegatinas-Colegio-Juvenil-Verde-1024x724.png\" alt=\"\" class=\"wp-image-13332\" srcset=\"https:\/\/www.colegiohsa.cl\/wp-content\/uploads\/Horario-Escolar-Documento-A4-Horizontal-Pegatinas-Colegio-Juvenil-Verde-1024x724.png 1024w, https:\/\/www.colegiohsa.cl\/wp-content\/uploads\/Horario-Escolar-Documento-A4-Horizontal-Pegatinas-Colegio-Juvenil-Verde-300x212.png 300w, https:\/\/www.colegiohsa.cl\/wp-content\/uploads\/Horario-Escolar-Documento-A4-Horizontal-Pegatinas-Colegio-Juvenil-Verde-768x543.png 768w, https:\/\/www.colegiohsa.cl\/wp-content\/uploads\/Horario-Escolar-Documento-A4-Horizontal-Pegatinas-Colegio-Juvenil-Verde-1536x1086.png 1536w, https:\/\/www.colegiohsa.cl\/wp-content\/uploads\/Horario-Escolar-Documento-A4-Horizontal-Pegatinas-Colegio-Juvenil-Verde.png 2000w\" sizes=\"(max-width: 1024px) 100vw, 1024px\" \/><\/a><\/figure><\/div>\n\n\n\n<div class=\"wp-block-image\"><figure class=\"aligncenter size-large\"><a href=\"https:\/\/www.colegiohsa.cl\/wp-content\/uploads\/Horario-Escolar-Documento-A4-Horizontal-Pegatinas-Colegio-Juvenil-Verde-1.png\" rel=\"lightbox[13331]\"><img data-attachment-id=\"13333\" data-permalink=\"https:\/\/www.colegiohsa.cl\/?attachment_id=13333\" data-orig-file=\"https:\/\/www.colegiohsa.cl\/wp-content\/uploads\/Horario-Escolar-Documento-A4-Horizontal-Pegatinas-Colegio-Juvenil-Verde-1.png\" data-orig-size=\"2000,1414\" data-comments-opened=\"0\" data-image-meta=\"{&quot;aperture&quot;:&quot;0&quot;,&quot;credit&quot;:&quot;&quot;,&quot;camera&quot;:&quot;&quot;,&quot;caption&quot;:&quot;&quot;,&quot;created_timestamp&quot;:&quot;0&quot;,&quot;copyright&quot;:&quot;&quot;,&quot;focal_length&quot;:&quot;0&quot;,&quot;iso&quot;:&quot;0&quot;,&quot;shutter_speed&quot;:&quot;0&quot;,&quot;title&quot;:&quot;&quot;,&quot;orientation&quot;:&quot;0&quot;}\" data-image-title=\"Horario-Escolar-Documento-A4-Horizontal-Pegatinas-Colegio-Juvenil-Verde-1\" data-image-description=\"\" data-image-caption=\"\" data-medium-file=\"https:\/\/www.colegiohsa.cl\/wp-content\/uploads\/Horario-Escolar-Documento-A4-Horizontal-Pegatinas-Colegio-Juvenil-Verde-1-300x212.png\" data-large-file=\"https:\/\/www.colegiohsa.cl\/wp-content\/uploads\/Horario-Escolar-Documento-A4-Horizontal-Pegatinas-Colegio-Juvenil-Verde-1-1024x724.png\" loading=\"lazy\" width=\"1024\" height=\"724\" src=\"https:\/\/www.colegiohsa.cl\/wp-content\/uploads\/Horario-Escolar-Documento-A4-Horizontal-Pegatinas-Colegio-Juvenil-Verde-1-1024x724.png\" alt=\"\" class=\"wp-image-13333\" srcset=\"https:\/\/www.colegiohsa.cl\/wp-content\/uploads\/Horario-Escolar-Documento-A4-Horizontal-Pegatinas-Colegio-Juvenil-Verde-1-1024x724.png 1024w, https:\/\/www.colegiohsa.cl\/wp-content\/uploads\/Horario-Escolar-Documento-A4-Horizontal-Pegatinas-Colegio-Juvenil-Verde-1-300x212.png 300w, https:\/\/www.colegiohsa.cl\/wp-content\/uploads\/Horario-Escolar-Documento-A4-Horizontal-Pegatinas-Colegio-Juvenil-Verde-1-768x543.png 768w, https:\/\/www.colegiohsa.cl\/wp-content\/uploads\/Horario-Escolar-Documento-A4-Horizontal-Pegatinas-Colegio-Juvenil-Verde-1-1536x1086.png 1536w, https:\/\/www.colegiohsa.cl\/wp-content\/uploads\/Horario-Escolar-Documento-A4-Horizontal-Pegatinas-Colegio-Juvenil-Verde-1.png 2000w\" sizes=\"(max-width: 1024px) 100vw, 1024px\" \/><\/a><\/figure><\/div>\n\n\n\n<p><\/p>\n\n\n\n<p><\/p>\n\n\n\n<p class=\"has-text-align-center has-white-color has-vivid-purple-background-color has-text-color has-background has-medium-font-size\"><em><strong>T<\/strong><\/em><strong><em>ALLERES SEP<\/em><\/strong> <em>a partir del Mi\u00e9rcoles 17 de Julio<\/em><\/p>\n\n\n\n<p><\/p>\n\n\n\n<div class=\"wp-block-image\"><figure class=\"aligncenter size-large\"><a href=\"https:\/\/www.colegiohsa.cl\/wp-content\/uploads\/organizador-horario-de-clases-planner-infantil-juvenil-rosado.png\" rel=\"lightbox[13331]\"><img data-attachment-id=\"13334\" data-permalink=\"https:\/\/www.colegiohsa.cl\/?attachment_id=13334\" data-orig-file=\"https:\/\/www.colegiohsa.cl\/wp-content\/uploads\/organizador-horario-de-clases-planner-infantil-juvenil-rosado.png\" data-orig-size=\"2000,1414\" data-comments-opened=\"0\" data-image-meta=\"{&quot;aperture&quot;:&quot;0&quot;,&quot;credit&quot;:&quot;&quot;,&quot;camera&quot;:&quot;&quot;,&quot;caption&quot;:&quot;&quot;,&quot;created_timestamp&quot;:&quot;0&quot;,&quot;copyright&quot;:&quot;&quot;,&quot;focal_length&quot;:&quot;0&quot;,&quot;iso&quot;:&quot;0&quot;,&quot;shutter_speed&quot;:&quot;0&quot;,&quot;title&quot;:&quot;&quot;,&quot;orientation&quot;:&quot;0&quot;}\" data-image-title=\"organizador-horario-de-clases-planner-infantil-juvenil-rosado\" data-image-description=\"\" data-image-caption=\"\" data-medium-file=\"https:\/\/www.colegiohsa.cl\/wp-content\/uploads\/organizador-horario-de-clases-planner-infantil-juvenil-rosado-300x212.png\" data-large-file=\"https:\/\/www.colegiohsa.cl\/wp-content\/uploads\/organizador-horario-de-clases-planner-infantil-juvenil-rosado-1024x724.png\" loading=\"lazy\" width=\"1024\" height=\"724\" src=\"https:\/\/www.colegiohsa.cl\/wp-content\/uploads\/organizador-horario-de-clases-planner-infantil-juvenil-rosado-1024x724.png\" alt=\"\" class=\"wp-image-13334\" srcset=\"https:\/\/www.colegiohsa.cl\/wp-content\/uploads\/organizador-horario-de-clases-planner-infantil-juvenil-rosado-1024x724.png 1024w, https:\/\/www.colegiohsa.cl\/wp-content\/uploads\/organizador-horario-de-clases-planner-infantil-juvenil-rosado-300x212.png 300w, https:\/\/www.colegiohsa.cl\/wp-content\/uploads\/organizador-horario-de-clases-planner-infantil-juvenil-rosado-768x543.png 768w, https:\/\/www.colegiohsa.cl\/wp-content\/uploads\/organizador-horario-de-clases-planner-infantil-juvenil-rosado-1536x1086.png 1536w, https:\/\/www.colegiohsa.cl\/wp-content\/uploads\/organizador-horario-de-clases-planner-infantil-juvenil-rosado.png 2000w\" sizes=\"(max-width: 1024px) 100vw, 1024px\" \/><\/a><\/figure><\/div>\n\n\n\n<p><\/p>\n","protected":false},"excerpt":{"rendered":"<p>Estimados Padres y Apoderados, Se les informa que los Talleres Acad\u00e9micos para el segundo semestre, se retomar\u00e1n a partir del Lunes 22 de Julio seg\u00fan horario de cada taller, y los Talleres SEP para el segundo semestre, se retomar\u00e1n a partir del Mi\u00e9rcoles 17 de Julio, seg\u00fan horario de cada taller. TALLERES ACAD\u00c9MICOS a partir <a class=\"read-more\" href=\"https:\/\/www.colegiohsa.cl\/?p=13331\">Continuar Leyendo&#8230;<\/a><\/p>\n","protected":false},"author":7,"featured_media":13335,"comment_status":"closed","ping_status":"open","sticky":false,"template":"","format":"standard","meta":{"spay_email":""},"categories":[1],"tags":[],"jetpack_featured_media_url":"https:\/\/www.colegiohsa.cl\/wp-content\/uploads\/Colegio-Politecnico-Santa-Ana-9.png","_links":{"self":[{"href":"https:\/\/www.colegiohsa.cl\/index.php?rest_route=\/wp\/v2\/posts\/13331"}],"collection":[{"href":"https:\/\/www.colegiohsa.cl\/index.php?rest_route=\/wp\/v2\/posts"}],"about":[{"href":"https:\/\/www.colegiohsa.cl\/index.php?rest_route=\/wp\/v2\/types\/post"}],"author":[{"embeddable":true,"href":"https:\/\/www.colegiohsa.cl\/index.php?rest_route=\/wp\/v2\/users\/7"}],"replies":[{"embeddable":true,"href":"https:\/\/www.colegiohsa.cl\/index.php?rest_route=%2Fwp%2Fv2%2Fcomments&post=13331"}],"version-history":[{"count":6,"href":"https:\/\/www.colegiohsa.cl\/index.php?rest_route=\/wp\/v2\/posts\/13331\/revisions"}],"predecessor-version":[{"id":13342,"href":"https:\/\/www.colegiohsa.cl\/index.php?rest_route=\/wp\/v2\/posts\/13331\/revisions\/13342"}],"wp:featuredmedia":[{"embeddable":true,"href":"https:\/\/www.colegiohsa.cl\/index.php?rest_route=\/wp\/v2\/media\/13335"}],"wp:attachment":[{"href":"https:\/\/www.colegiohsa.cl\/index.php?rest_route=%2Fwp%2Fv2%2Fmedia&parent=13331"}],"wp:term":[{"taxonomy":"category","embeddable":true,"href":"https:\/\/www.colegiohsa.cl\/index.php?rest_route=%2Fwp%2Fv2%2Fcategories&post=13331"},{"taxonomy":"post_tag","embeddable":true,"href":"https:\/\/www.colegiohsa.cl\/index.php?rest_route=%2Fwp%2Fv2%2Ftags&post=13331"}],"curies":[{"name":"wp","href":"https:\/\/api.w.org\/{rel}","templated":true}]}}